{"id":9431,"date":"2016-08-03T13:35:08","date_gmt":"2016-08-03T12:35:08","guid":{"rendered":"http:\/\/maestros25.com\/noticias\/?p=9431"},"modified":"2016-08-03T14:01:09","modified_gmt":"2016-08-03T13:01:09","slug":"calendario-escolar-curso-20162017-por-provincias-en-andalucia","status":"publish","type":"post","link":"https:\/\/maestros25.com\/noticias\/?p=9431","title":{"rendered":"-CALENDARIO ESCOLAR CURSO-2016\/2017 POR PROVINCIAS en ANDALUC\u00cdA"},"content":{"rendered":"<table style=\"height: 194px;\" border=\"1\" width=\"251\" align=\"center\">\n<tbody>\n<tr bgcolor=\"#006600\">\n<td bgcolor=\"#003300\" height=\"11\">\n<div style=\"text-align: center;\" align=\"center\"><span style=\"font-family: Arial, Helvetica, sans-serif; font-size: medium;\"><b><span style=\"color: #ffffcc; font-size: small;\">ESPECIAL <span style=\"color: #ffff00;\">CALENDARIO ESCOLAR<br \/>\n<\/span><span style=\"color: #00ff00;\">CURSO-2016\/2017 <\/span>ANDALUC\u00cdA <\/span><span style=\"color: #ff0000; font-size: xx-small;\">Nuevo<\/span><span style=\"color: #ff0000; font-family: Arial, Helvetica, sans-serif; font-size: xx-small;\"><br \/>\n<\/span><\/b><\/span><\/div>\n<\/td>\n<\/tr>\n<tr valign=\"top\">\n<td bgcolor=\"#000066\" height=\"86\"><span style=\"font-family: Arial, Helvetica, sans-serif;\"><b><span style=\"color: #ffffff;\"><span class=\"Estilo43\"><span style=\"color: #00ffff; font-size: small;\">&#8211;<a href=\"http:\/\/www.juntadeandalucia.es\/educacion\/webportal\/abaco-portlet\/content\/37ebafc2-e2bc-4029-a8ca-8e4f5d8d4851\"><span style=\"color: #ffcc00;\">CALENDARIO<\/span><span style=\"color: #00ccff;\">-ALMER\u00cdA<\/span><\/a><\/span><span style=\"font-size: small;\"><br \/>\n<span style=\"color: #cc99ff;\">&#8211;<a href=\"http:\/\/www.juntadeandalucia.es\/educacion\/webportal\/abaco-portlet\/content\/6e7f2a8f-f685-49cb-871d-7e0bd0961073\">CALENDARIO<\/a><\/span><a href=\"http:\/\/www.juntadeandalucia.es\/educacion\/webportal\/abaco-portlet\/content\/6e7f2a8f-f685-49cb-871d-7e0bd0961073\"><span style=\"color: #ff9900;\">&#8211;<\/span><\/a><\/span><\/span><\/span><span style=\"font-size: small;\"><span style=\"color: #ff9900;\"><a href=\"http:\/\/www.juntadeandalucia.es\/educacion\/webportal\/abaco-portlet\/content\/6e7f2a8f-f685-49cb-871d-7e0bd0961073\">C\u00c1DIZ<\/a> <\/span><br \/>\n<\/span><\/b><\/span><span style=\"font-family: Arial, Helvetica, sans-serif; font-size: small;\"><b><span style=\"color: #ffcc00;\">&#8211;<\/span><a href=\"http:\/\/www.juntadeandalucia.es\/educacion\/webportal\/abaco-portlet\/content\/95b2433b-ddd9-4918-94d9-38622acd5036\"><span style=\"color: #ffcc00;\">CALENDARIO<\/span>&#8211;<span style=\"color: #00ccff;\">C\u00d3RDOBA<\/span><\/a><br \/>\n&#8211;<a href=\"http:\/\/www.juntadeandalucia.es\/educacion\/webportal\/abaco-portlet\/content\/6ab94701-7a4c-4fc0-9dea-bacf2cc446bd\"><span style=\"color: #ff9900;\">CALENDARIO-<span class=\"Estilo44\">GRANADA<\/span><\/span><\/a><br \/>\n<span style=\"color: #ffcc00;\">&#8211;<a href=\"http:\/\/www.juntadeandalucia.es\/educacion\/webportal\/abaco-portlet\/content\/b78daab4-7d4a-4a38-814b-acc3777a4720\">CALENDARIO<\/a><\/span><a href=\"http:\/\/www.juntadeandalucia.es\/educacion\/webportal\/abaco-portlet\/content\/b78daab4-7d4a-4a38-814b-acc3777a4720\"><span style=\"color: #00cccc;\">-HUELVA<\/span><\/a><span style=\"color: #00cccc;\"><br \/>\n<\/span><span style=\"color: #cc99ff;\">&#8211;<a href=\"http:\/\/www.juntadeandalucia.es\/educacion\/webportal\/abaco-portlet\/content\/0a86213b-b33e-4a87-a4a6-cd733b4f3f06\">CALENDARIO<\/a><\/span><a href=\"http:\/\/www.juntadeandalucia.es\/educacion\/webportal\/abaco-portlet\/content\/0a86213b-b33e-4a87-a4a6-cd733b4f3f06\"><span style=\"color: #ff9900;\">-JA\u00c9N<\/span><\/a><\/b><span style=\"color: #00cccc;\"><br \/>\n<\/span><\/span><span style=\"font-size: small;\"><b><span style=\"font-family: Arial, Helvetica, sans-serif;\"><span style=\"color: #ffcc00;\">&#8211;<\/span><a href=\"http:\/\/www.juntadeandalucia.es\/educacion\/webportal\/abaco-portlet\/content\/04d28929-0242-4464-a1b6-84b965bf49a2\"><span style=\"color: #ffcc00;\">CALENDARIO<\/span><span style=\"color: #0099cc;\">-M\u00c1LAGA<\/span><\/a><\/span><\/b><span style=\"font-family: Arial, Helvetica, sans-serif;\"><b><span style=\"color: #00ffff;\"><br \/>\n<span style=\"color: #cc99ff;\">&#8211;<a href=\"http:\/\/www.juntadeandalucia.es\/educacion\/webportal\/abaco-portlet\/content\/28dafa7e-2260-40da-bbdc-8cd7e3474dd6\">CALENDARIO<span style=\"color: #ff9966;\">&#8211;<span style=\"color: #ff9900;\">SEVILLA<\/span><\/span><\/a><\/span><\/span><\/b><\/span><\/span><\/td>\n<\/tr>\n<\/tbody>\n<\/table>\n","protected":false},"excerpt":{"rendered":"<p>ESPECIAL CALENDARIO ESCOLAR CURSO-2016\/2017 ANDALUC\u00cdA Nuevo &#8211;CALENDARIO-ALMER\u00cdA &#8211;CALENDARIO&#8211;C\u00c1DIZ &#8211;CALENDARIO&#8211;C\u00d3RDOBA &#8211;CALENDARIO-GRANADA &#8211;CALENDARIO-HUELVA &#8211;CALENDARIO-JA\u00c9N &#8211;CALENDARIO-M\u00c1LAGA &#8211;CALENDARIO&#8211;SEVILLA<\/p>\n","protected":false},"author":1,"featured_media":0,"comment_status":"closed","ping_status":"closed","sticky":false,"template":"","format":"standard","meta":[],"categories":[1],"tags":[],"_links":{"self":[{"href":"https:\/\/maestros25.com\/noticias\/index.php?rest_route=\/wp\/v2\/posts\/9431"}],"collection":[{"href":"https:\/\/maestros25.com\/noticias\/index.php?rest_route=\/wp\/v2\/posts"}],"about":[{"href":"https:\/\/maestros25.com\/noticias\/index.php?rest_route=\/wp\/v2\/types\/post"}],"author":[{"embeddable":true,"href":"https:\/\/maestros25.com\/noticias\/index.php?rest_route=\/wp\/v2\/users\/1"}],"replies":[{"embeddable":true,"href":"https:\/\/maestros25.com\/noticias\/index.php?rest_route=%2Fwp%2Fv2%2Fcomments&post=9431"}],"version-history":[{"count":12,"href":"https:\/\/maestros25.com\/noticias\/index.php?rest_route=\/wp\/v2\/posts\/9431\/revisions"}],"predecessor-version":[{"id":9443,"href":"https:\/\/maestros25.com\/noticias\/index.php?rest_route=\/wp\/v2\/posts\/9431\/revisions\/9443"}],"wp:attachment":[{"href":"https:\/\/maestros25.com\/noticias\/index.php?rest_route=%2Fwp%2Fv2%2Fmedia&parent=9431"}],"wp:term":[{"taxonomy":"category","embeddable":true,"href":"https:\/\/maestros25.com\/noticias\/index.php?rest_route=%2Fwp%2Fv2%2Fcategories&post=9431"},{"taxonomy":"post_tag","embeddable":true,"href":"https:\/\/maestros25.com\/noticias\/index.php?rest_route=%2Fwp%2Fv2%2Ftags&post=9431"}],"curies":[{"name":"wp","href":"https:\/\/api.w.org\/{rel}","templated":true}]}}