{"id":16344,"date":"2026-05-23T18:52:14","date_gmt":"2026-05-23T16:52:14","guid":{"rendered":"https:\/\/maestros25.com\/noticias\/?p=16344"},"modified":"2026-05-23T18:52:14","modified_gmt":"2026-05-23T16:52:14","slug":"convocatorias-para-solicitar-continuidad-en-puestos-especificos-para-el-curso-202627-en-las-diferentes-provincias-andaluzas","status":"publish","type":"post","link":"https:\/\/maestros25.com\/noticias\/?p=16344","title":{"rendered":"-CONVOCATORIAS PARA SOLICITAR CONTINUIDAD EN PUESTOS ESPEC\u00cdFICOS PARA EL CURSO 2026\/27 EN LAS DIFERENTES PROVINCIAS ANDALUZAS"},"content":{"rendered":"<p>&#8211;<a href=\"https:\/\/www.juntadeandalucia.es\/educacion\/portales\/web\/educacion\/w\/se-realiza-la-convocatoria-para-la-concesion-de-continuidad-del-personal-que-ocupa-puestos-docentes-especificos-en-diferentes-programas-educativos-para-el-curso-escolar-2026_2027.?redirect=%2Feducacion%2Fportales%2Fweb%2Feducacion%2Falmeria\">Pincha aqu\u00ed para acceder a la informaci\u00f3n<\/a>-Almer\u00eda<\/p>\n<p>&#8211;<a href=\"https:\/\/www.juntadeandalucia.es\/educacion\/portales\/web\/educacion\/w\/resolucion-de-21-de-mayo-de-2026-de-la-delegacion-territorial-de-desarrollo-educativo-y-formacion-profesional-y-de-universidad-investigacion-e-innovacion-en-cadiz-por-la-que-se-realiza-convocatoria-para-la-concesion-de-continuidad-del-personal-que-ocupa-p?redirect=%2Feducacion%2Fportales%2Fweb%2Feducacion%2Fcadiz\">Pincha aqu\u00ed para acceder a la informaci\u00f3n<\/a>-C\u00e1diz<\/p>\n<p>&#8211;<a href=\"https:\/\/www.juntadeandalucia.es\/educacion\/portales\/web\/educacion\/w\/convocatoria-de-solicitud-de-continuidad-en-puestos-especificos?redirect=%2Feducacion%2Fportales%2Fweb%2Feducacion%2Fcordoba\">Pincha aqu\u00ed para acceder a la informaci\u00f3n<\/a>-C\u00f3rdoba<\/p>\n<p>&#8211;<a href=\"https:\/\/www.juntadeandalucia.es\/educacion\/portales\/web\/educacion\/w\/resolucion-de-21-de-mayo-de-2026-de-la-ilma.-sra.-delegada-territorial-de-desarrollo-educativo-y-formacion-profesional-y-de-universidad-investigacion-e-innovacion-en-granada-por-la-que-se-realiza-convocatoria-publica-con-caracter-urgente-para-la-concesion?redirect=%2Feducacion%2Fportales%2Fweb%2Feducacion%2Fgranada\">Pincha aqu\u00ed para acceder a la informaci\u00f3n<\/a>-Granada<\/p>\n<p>&#8211;<a href=\"https:\/\/www.juntadeandalucia.es\/educacion\/portales\/web\/educacion\/w\/resolucion-de-21-de-mayo-de-2026-de-la-delegacion-territorial-de-desarrollo-educativo-y-formacion-profesional-y-de-universidad-investigacion-e-innovacion-en-huelva-por-la-que-se-realiza-convocatoria-para-la-concesion-de-continuidad-del-personal-que-ocupa-?redirect=%2Feducacion%2Fportales%2Fweb%2Feducacion%2Fhuelva\">Pincha aqu\u00ed para acceder a la informaci\u00f3n<\/a>-Huelva<\/p>\n<p>&#8211;<a href=\"https:\/\/www.juntadeandalucia.es\/educacion\/portales\/web\/educacion\/w\/resolucion-de-20-de-mayo-de-2026-de-la-delegacion-territorial-de-desarrollo-educativo-y-formacion-profesional-universidad-investigacion-e-innovacion-en-jaen-por-la-que-se-realiza-convocatoria-para-la-concesion-de-continuidad-del-personal-que-ocupa-puestos?redirect=%2Feducacion%2Fportales%2Fweb%2Feducacion%2Fjaen\">Pincha aqu\u00ed para acceder a la informaci\u00f3n<\/a>-Ja\u00e9n<\/p>\n<p>&#8211;<a href=\"https:\/\/www.juntadeandalucia.es\/educacion\/portales\/web\/educacion\/w\/260521_rrhh_continuid26_27?redirect=%2Feducacion%2Fportales%2Fweb%2Feducacion%2Fmalaga\">Pincha aqu\u00ed para acceder a la informaci\u00f3n<\/a>-M\u00e1laga<\/p>\n<p>&#8211;<a href=\"https:\/\/www.juntadeandalucia.es\/educacion\/portales\/web\/educacion\/w\/resolucion-de-21-de-mayo-de-2026-del-ilmo.-delegado-territorial-de-desarrollo-educativo-y-formacion-profesional-y-de-universidad-investigacion-e-innovacion-en-sevilla-por-la-que-se-realiza-convocatoria-para-la-continuidad-del-personal-que-ocupa-puestos-do?redirect=%2Feducacion%2Fportales%2Fweb%2Feducacion%2Fsevilla\">Pincha aqu\u00ed para acceder a la informaci\u00f3n<\/a>-Sevilla<\/p>\n","protected":false},"excerpt":{"rendered":"<p>&#8211;Pincha aqu\u00ed para acceder a la informaci\u00f3n-Almer\u00eda &#8211;Pincha aqu\u00ed para acceder a la informaci\u00f3n-C\u00e1diz &#8211;Pincha aqu\u00ed para acceder a la informaci\u00f3n-C\u00f3rdoba &#8211;Pincha aqu\u00ed para acceder a la informaci\u00f3n-Granada &#8211;Pincha aqu\u00ed para acceder a la informaci\u00f3n-Huelva &#8211;Pincha aqu\u00ed para acceder a la informaci\u00f3n-Ja\u00e9n &#8211;Pincha aqu\u00ed para acceder a la informaci\u00f3n-M\u00e1laga &#8211;Pincha aqu\u00ed para acceder a la &hellip; <a href=\"https:\/\/maestros25.com\/noticias\/?p=16344\" class=\"more-link\">Seguir leyendo <span class=\"screen-reader-text\">-CONVOCATORIAS PARA SOLICITAR CONTINUIDAD EN PUESTOS ESPEC\u00cdFICOS PARA EL CURSO 2026\/27 EN LAS DIFERENTES PROVINCIAS ANDALUZAS<\/span> <span class=\"meta-nav\">&rarr;<\/span><\/a><\/p>\n","protected":false},"author":1,"featured_media":0,"comment_status":"closed","ping_status":"closed","sticky":false,"template":"","format":"standard","meta":[],"categories":[423,1,3,422,429,428,426,427,424,43,425],"tags":[357,349,387],"_links":{"self":[{"href":"https:\/\/maestros25.com\/noticias\/index.php?rest_route=\/wp\/v2\/posts\/16344"}],"collection":[{"href":"https:\/\/maestros25.com\/noticias\/index.php?rest_route=\/wp\/v2\/posts"}],"about":[{"href":"https:\/\/maestros25.com\/noticias\/index.php?rest_route=\/wp\/v2\/types\/post"}],"author":[{"embeddable":true,"href":"https:\/\/maestros25.com\/noticias\/index.php?rest_route=\/wp\/v2\/users\/1"}],"replies":[{"embeddable":true,"href":"https:\/\/maestros25.com\/noticias\/index.php?rest_route=%2Fwp%2Fv2%2Fcomments&post=16344"}],"version-history":[{"count":1,"href":"https:\/\/maestros25.com\/noticias\/index.php?rest_route=\/wp\/v2\/posts\/16344\/revisions"}],"predecessor-version":[{"id":16345,"href":"https:\/\/maestros25.com\/noticias\/index.php?rest_route=\/wp\/v2\/posts\/16344\/revisions\/16345"}],"wp:attachment":[{"href":"https:\/\/maestros25.com\/noticias\/index.php?rest_route=%2Fwp%2Fv2%2Fmedia&parent=16344"}],"wp:term":[{"taxonomy":"category","embeddable":true,"href":"https:\/\/maestros25.com\/noticias\/index.php?rest_route=%2Fwp%2Fv2%2Fcategories&post=16344"},{"taxonomy":"post_tag","embeddable":true,"href":"https:\/\/maestros25.com\/noticias\/index.php?rest_route=%2Fwp%2Fv2%2Ftags&post=16344"}],"curies":[{"name":"wp","href":"https:\/\/api.w.org\/{rel}","templated":true}]}}