{"id":12950,"date":"2020-07-21T14:12:28","date_gmt":"2020-07-21T12:12:28","guid":{"rendered":"http:\/\/maestros25.com\/noticias\/?p=12950"},"modified":"2020-07-21T14:30:28","modified_gmt":"2020-07-21T12:30:28","slug":"convocatoria-para-cubrir-posibles-vacantes-de-puestos-en-el-equipo-de-orientacion-educativa-especializado-en-granada-y-sevilla","status":"publish","type":"post","link":"https:\/\/maestros25.com\/noticias\/?p=12950","title":{"rendered":"-Convocatoria para cubrir posibles vacantes de puestos en el equipo de orientaci\u00f3n educativa especializado en GRANADA y SEVILLA y de puesto de Responsable Provincial de Pluriling\u00fc\u00edsmo en ALMER\u00cdA"},"content":{"rendered":"<p>&#8211;<a href=\"https:\/\/www.juntadeandalucia.es\/educacion\/portals\/web\/ced\/delegaciones\/granada\/detalle-de-la-novedad\/-\/contenidos\/detalle\/resolucion-de-la-delegacion-territorial-de-educacion-deporte-igualdad-politicas-sociales-y-conciliacion-en-granada-por-1c1wm4ldixeqz\">Pincha aqu\u00ed para acceceder a la informaci\u00f3n sobre la C<\/a><a href=\"https:\/\/www.juntadeandalucia.es\/educacion\/portals\/web\/ced\/delegaciones\/granada\/detalle-de-la-novedad\/-\/contenidos\/detalle\/resolucion-de-la-delegacion-territorial-de-educacion-deporte-igualdad-politicas-sociales-y-conciliacion-en-granada-por-1c1wm4ldixeqz\">onvocatoria p\u00fablica para la cobertura de posibles vacantes de puestos en el equipo de orientaci\u00f3n educativa especializado de GRANADA<\/a><\/p>\n<p>&#8211;<a href=\"https:\/\/www.juntadeandalucia.es\/educacion\/portals\/web\/ced\/delegaciones\/sevilla\/detalle-de-la-novedad\/-\/contenidos\/detalle\/resolucion-de-17-de-julio-de-la-delegacion-territorial-de-la-consejeria-de-educacion-y-deporte-de-la-junta-de-andalucia\">Pincha aqu\u00ed para acceder\u00a0 a la informaci\u00f3n sobre la Convocatoria para cubrir Puestos Docentes en el Equipo de Orientaci\u00f3n Educativa Especializado de SEVILLA<\/a><\/p>\n<p>&#8211;<a href=\"https:\/\/www.juntadeandalucia.es\/educacion\/portals\/web\/ced\/delegaciones\/almeria\/detalle-de-la-novedad\/-\/contenidos\/detalle\/resolucion-de-17-de-julio-de-2020-de-la-delegacion-territorial-de-educacion-deporte-igualdad-politicas-sociales-y\">Pincha aqu\u00ed para acceder\u00a0 a la informaci\u00f3n\u00a0 sobre la Convocatoria p\u00fablica para la cobertura del puesto de Responsable Provincial de Pluriling\u00fc\u00edsmo en ALMER\u00cdA<\/a><\/p>\n","protected":false},"excerpt":{"rendered":"<p>&#8211;Pincha aqu\u00ed para acceceder a la informaci\u00f3n sobre la Convocatoria p\u00fablica para la cobertura de posibles vacantes de puestos en el equipo de orientaci\u00f3n educativa especializado de GRANADA &#8211;Pincha aqu\u00ed para acceder\u00a0 a la informaci\u00f3n sobre la Convocatoria para cubrir Puestos Docentes en el Equipo de Orientaci\u00f3n Educativa Especializado de SEVILLA &#8211;Pincha aqu\u00ed para acceder\u00a0 &hellip; <a href=\"https:\/\/maestros25.com\/noticias\/?p=12950\" class=\"more-link\">Seguir leyendo <span class=\"screen-reader-text\">-Convocatoria para cubrir posibles vacantes de puestos en el equipo de orientaci\u00f3n educativa especializado en GRANADA y SEVILLA y de puesto de Responsable Provincial de Pluriling\u00fc\u00edsmo en ALMER\u00cdA<\/span> <span class=\"meta-nav\">&rarr;<\/span><\/a><\/p>\n","protected":false},"author":1,"featured_media":0,"comment_status":"closed","ping_status":"closed","sticky":false,"template":"","format":"standard","meta":[],"categories":[1,3,428,43,425],"tags":[357,358,74,387,78],"_links":{"self":[{"href":"https:\/\/maestros25.com\/noticias\/index.php?rest_route=\/wp\/v2\/posts\/12950"}],"collection":[{"href":"https:\/\/maestros25.com\/noticias\/index.php?rest_route=\/wp\/v2\/posts"}],"about":[{"href":"https:\/\/maestros25.com\/noticias\/index.php?rest_route=\/wp\/v2\/types\/post"}],"author":[{"embeddable":true,"href":"https:\/\/maestros25.com\/noticias\/index.php?rest_route=\/wp\/v2\/users\/1"}],"replies":[{"embeddable":true,"href":"https:\/\/maestros25.com\/noticias\/index.php?rest_route=%2Fwp%2Fv2%2Fcomments&post=12950"}],"version-history":[{"count":5,"href":"https:\/\/maestros25.com\/noticias\/index.php?rest_route=\/wp\/v2\/posts\/12950\/revisions"}],"predecessor-version":[{"id":12955,"href":"https:\/\/maestros25.com\/noticias\/index.php?rest_route=\/wp\/v2\/posts\/12950\/revisions\/12955"}],"wp:attachment":[{"href":"https:\/\/maestros25.com\/noticias\/index.php?rest_route=%2Fwp%2Fv2%2Fmedia&parent=12950"}],"wp:term":[{"taxonomy":"category","embeddable":true,"href":"https:\/\/maestros25.com\/noticias\/index.php?rest_route=%2Fwp%2Fv2%2Fcategories&post=12950"},{"taxonomy":"post_tag","embeddable":true,"href":"https:\/\/maestros25.com\/noticias\/index.php?rest_route=%2Fwp%2Fv2%2Ftags&post=12950"}],"curies":[{"name":"wp","href":"https:\/\/api.w.org\/{rel}","templated":true}]}}